{"id":989,"date":"2022-05-03T14:09:06","date_gmt":"2022-05-03T12:09:06","guid":{"rendered":"https:\/\/www.apsam.be\/?p=989"},"modified":"2022-05-03T14:09:06","modified_gmt":"2022-05-03T12:09:06","slug":"vents-nouveaux-2022-sunrise","status":"publish","type":"post","link":"https:\/\/www.apsam.be\/?p=989","title":{"rendered":"VENTS NOUVEAUX 2022 &#8211; Sunrise\u2026"},"content":{"rendered":"<p style=\"text-align: center;\"><span style=\"font-family: 'Comic Sans MS', sans-serif;\"><strong><span style=\"color: #339966; font-size: 14pt;\">VENTS NOUVEAUX<\/span><\/strong><\/span><br \/>\n<span style=\"font-family: 'Comic Sans MS', sans-serif;\"><strong><span style=\"color: #339966; font-size: 14pt;\">Sunrise\u2026<\/span><\/strong><\/span><\/p>\n<p style=\"text-align: center;\"><span style=\"font-family: Verdana, Geneva; font-size: 14pt;\">Stage d\u2019Orchestre d\u2019Harmonie<\/span><\/p>\n<p style=\"text-align: center;\"><span style=\"font-family: Verdana, Geneva; font-size: 14pt;\">du CrLg\u00a0\u00a0\u00a0\u00a0<\/span><\/p>\n<p style=\"text-align: center;\"><strong><span style=\"font-family: Verdana, Geneva; color: #339966; font-size: 14pt;\">Session 2022<\/span><\/strong><\/p>\n<p><span style=\"font-family: Verdana, Geneva;\">\u00a0\u00a0\u00a0\u00a0\u00a0\u00a0\u00a0\u00a0\u00a0\u00a0\u00a0 Depuis quelques ann\u00e9es maintenant, le Conservatoire Royal de Musique de Li\u00e8ge et l\u2019APSAM, f\u00e9d\u00e9ration musicale regroupant des soci\u00e9t\u00e9s musicales de type amateur de la Province de Li\u00e8ge, organisent \u00a0une session d\u2019orchestre d\u2019harmonie ouverte aux musiciens amateurs ou \u00e9l\u00e8ves d\u2019acad\u00e9mies que le domaine passionne.<\/span><\/p>\n<p><span style=\"font-family: Verdana, Geneva;\">\u00a0\u00a0\u00a0\u00a0\u00a0\u00a0\u00a0\u00a0\u00a0\u00a0\u00a0 Vous jouez d\u2019un bois, d\u2019un cuivre, ou vous \u00eates percussionniste\u00a0; vous \u00eates \u00e9l\u00e8ves en transition ou qualification dans une acad\u00e9mie de musique, ou musicien amateur de haut niveau\u2026 Alors rejoignez-nous\u00a0! La participation \u00e0 ce stage est gratuite.<\/span><\/p>\n<p><span style=\"font-family: Verdana, Geneva;\">\u00a0\u00a0\u00a0\u00a0\u00a0\u00a0\u00a0\u00a0\u00a0\u00a0\u00a0 Au programme cette ann\u00e9e, des compositions originales de Paul Basler, Eric Whitacre, Philip Sparke et Alfred Reed, ou encore une pi\u00e8ce in\u00e9dite pour piccolo et orchestre d\u2019harmonie du compositeur belge Bart Watt\u00e9.<\/span><\/p>\n<p><strong><span style=\"font-family: Verdana, Geneva; color: #339966; font-size: 12pt;\">O\u00f9\u00a0?<\/span><\/strong><\/p>\n<p><span style=\"font-family: Verdana, Geneva;\">R\u00e9p\u00e9titions au Conservatoire Royal de Li\u00e8ge (Rue Forgeur 14, 4000 Li\u00e8ge)<\/span><br \/>\n<span style=\"font-family: Verdana, Geneva;\">Concert : lieu \u00e0 d\u00e9terminer<\/span><\/p>\n<p><strong><span style=\"font-family: Verdana, Geneva; color: #339966;\">Qui\u00a0?<\/span><\/strong><\/p>\n<p><span style=\"font-family: Verdana, Geneva;\">Les \u00e9tudiants du CRLg, les \u00e9l\u00e8ves des classes de vents et percussions des acad\u00e9mies de la province de Li\u00e8ge, les musiciens amateurs passionn\u00e9s ayant termin\u00e9 leurs \u00e9tudes en acad\u00e9mie\u2026<\/span><\/p>\n<p><strong><span style=\"font-family: Verdana, Geneva; color: #339966; font-size: 12pt;\">Quand\u00a0?<\/span><\/strong><br \/>\n<strong><br \/>\n<span style=\"color: #ff0000;\">le 09 mai 2022 \u00e0 19h30: Concert<\/span><\/strong><\/p>\n<p><strong><span style=\"color: #ff0000;\">Inscription pour le concert<\/span> <\/strong>: <a href=\"https:\/\/shop.utick.be\/?pos=CRLG&amp;module=ACTIVITYSERIEDETAILS&amp;s=C6E1CAFE-91B5-0671-146D-438715788F44\">https:\/\/shop.utick.be\/?pos=CRLG&amp;module=ACTIVITYSERIEDETAILS&amp;s=C6E1CAFE-91B5-0671-146D-438715788F44<\/a><\/p>\n<p><span style=\"font-family: Verdana, Geneva;\">\u00a0\u00a0<\/span><span style=\"font-family: Verdana, Geneva;\">Inscriptions et Infos\u00a0: olivier.haas@crlg.be \u2013 0475\/81.21.18<\/span><br \/>\n<span style=\"font-family: Verdana, Geneva;\">\u00a0 \u00a0 \u00a0 \u00a0 \u00a0 \u00a0 \u00a0 \u00a0 \u00a0 \u00a0 \u00a0 \u00a0 \u00a0 \u00a0 \u00a0 \u00a0 \u00a0 secretariat@apsam.be \u2013 0478\/33.19.31<\/span><\/p>\n<p>&nbsp;<\/p>\n<p><a href=\"https:\/\/blog-apsam.be\/wp-content\/uploads\/2022\/03\/Vents-nouveaux-2022-CONCERT-9.05.2022.jpg\"><img loading=\"lazy\" class=\"aligncenter size-large wp-image-2321 colorbox-989\" src=\"https:\/\/blog-apsam.be\/wp-content\/uploads\/2022\/03\/Vents-nouveaux-2022-CONCERT-9.05.2022-724x1024.jpg\" alt=\"\" width=\"625\" height=\"884\" \/><\/a><\/p>\n","protected":false},"excerpt":{"rendered":"<p>VENTS NOUVEAUX Sunrise\u2026 Stage d\u2019Orchestre d\u2019Harmonie du CrLg\u00a0\u00a0\u00a0\u00a0 Session 2022 \u00a0\u00a0\u00a0\u00a0\u00a0\u00a0\u00a0\u00a0\u00a0\u00a0\u00a0 Depuis quelques ann\u00e9es maintenant, le Conservatoire Royal de Musique de Li\u00e8ge et l\u2019APSAM, f\u00e9d\u00e9ration musicale regroupant des soci\u00e9t\u00e9s musicales de type amateur de la Province de Li\u00e8ge, organisent \u00a0une session d\u2019orchestre d\u2019harmonie ouverte aux musiciens amateurs ou \u00e9l\u00e8ves d\u2019acad\u00e9mies que le domaine passionne. \u00a0\u00a0\u00a0\u00a0\u00a0\u00a0\u00a0\u00a0\u00a0\u00a0\u00a0 &#8230; <a title=\"VENTS NOUVEAUX 2022 &#8211; Sunrise\u2026\" class=\"read-more\" href=\"https:\/\/www.apsam.be\/?p=989\" aria-label=\"En savoir plus sur VENTS NOUVEAUX 2022 &#8211; Sunrise\u2026\">Lire la suite<\/a><\/p>\n","protected":false},"author":1,"featured_media":0,"comment_status":"closed","ping_status":"open","sticky":false,"template":"","format":"standard","meta":{"_exactmetrics_skip_tracking":false,"_exactmetrics_sitenote_active":false,"_exactmetrics_sitenote_note":"","_exactmetrics_sitenote_category":0},"categories":[2],"tags":[],"_links":{"self":[{"href":"https:\/\/www.apsam.be\/index.php?rest_route=\/wp\/v2\/posts\/989"}],"collection":[{"href":"https:\/\/www.apsam.be\/index.php?rest_route=\/wp\/v2\/posts"}],"about":[{"href":"https:\/\/www.apsam.be\/index.php?rest_route=\/wp\/v2\/types\/post"}],"author":[{"embeddable":true,"href":"https:\/\/www.apsam.be\/index.php?rest_route=\/wp\/v2\/users\/1"}],"replies":[{"embeddable":true,"href":"https:\/\/www.apsam.be\/index.php?rest_route=%2Fwp%2Fv2%2Fcomments&post=989"}],"version-history":[{"count":1,"href":"https:\/\/www.apsam.be\/index.php?rest_route=\/wp\/v2\/posts\/989\/revisions"}],"predecessor-version":[{"id":990,"href":"https:\/\/www.apsam.be\/index.php?rest_route=\/wp\/v2\/posts\/989\/revisions\/990"}],"wp:attachment":[{"href":"https:\/\/www.apsam.be\/index.php?rest_route=%2Fwp%2Fv2%2Fmedia&parent=989"}],"wp:term":[{"taxonomy":"category","embeddable":true,"href":"https:\/\/www.apsam.be\/index.php?rest_route=%2Fwp%2Fv2%2Fcategories&post=989"},{"taxonomy":"post_tag","embeddable":true,"href":"https:\/\/www.apsam.be\/index.php?rest_route=%2Fwp%2Fv2%2Ftags&post=989"}],"curies":[{"name":"wp","href":"https:\/\/api.w.org\/{rel}","templated":true}]}}