{"id":415,"date":"2018-12-20T06:00:34","date_gmt":"2018-12-20T05:00:34","guid":{"rendered":"http:\/\/www.apsam.be\/?p=415"},"modified":"2019-03-18T07:49:42","modified_gmt":"2019-03-18T06:49:42","slug":"concours-jeunes-solistes-2019","status":"publish","type":"post","link":"https:\/\/www.apsam.be\/?p=415","title":{"rendered":"Concours jeunes solistes 2019"},"content":{"rendered":"<p><span style=\"font-family: Verdana, Geneva; font-size: 10pt;\">Depuis plusieurs ann\u00e9es votre f\u00e9d\u00e9ration organise les \u00e9liminatoires d\u2019un concours d\u2019instrumentistes \u00e0 vent ou de percussions dans le but de promouvoir ces instruments dans nos soci\u00e9t\u00e9s musicales. Vous trouverez les d\u00e9tails de ce concours national ci dessous ainsi que dans la rubrique \u00ab\u00a0Documents\u00a0\u00bb de notre site internet.<\/span><\/p>\n<p><span style=\"font-family: Verdana, Geneva; font-size: 10pt;\">Encouragez les musiciens motiv\u00e9s en les mettant en valeur\u00a0!<\/span><\/p>\n<p><span style=\"font-family: Verdana, Geneva; font-size: 10pt;\">Le r\u00e9pertoire mentionn\u00e9 en annexe 2 du r\u00e8glement se trouve sous le lien suivant\u00a0: <a href=\"http:\/\/www.federationmusicalehainaut.be\/index.php5?id_page=27\">http:\/\/www.federationmusicalehainaut.be\/index.php5?id_page=27<\/a><\/span><\/p>\n<p><span style=\"font-family: Verdana, Geneva; font-size: 10pt;\">Le secr\u00e9tariat se tient \u00e9videmment \u00e0 votre disposition pour tout renseignement compl\u00e9mentaire.<\/span><\/p>\n<p><span style=\"font-family: Verdana, Geneva; font-size: 10pt;\"><a href=\"https:\/\/www.apsam.be\/wp-content\/uploads\/2018\/12\/Programme-public.pdf\">Programme<\/a><\/span><\/p>\n<p><a href=\"http:\/\/www.apsam.be\/wp-content\/uploads\/2018\/12\/Formulaire-dinscription-Jeunes-solistes-2019.pdf\">Formulaire d&rsquo;inscription Jeunes solistes 2019<\/a><\/p>\n<p><a href=\"http:\/\/www.apsam.be\/wp-content\/uploads\/2018\/12\/R\u00e8glement-Jeunes-solistes-2019.pdf\">R\u00e8glement Jeunes solistes 2019<\/a><\/p>\n<p><img loading=\"lazy\" class=\"alignnone size-large wp-image-416 aligncenter colorbox-415\" src=\"http:\/\/www.apsam.be\/wp-content\/uploads\/2018\/12\/affiche-Jeunes-solistes-2019-724x1024.jpg\" alt=\"\" width=\"724\" height=\"1024\" srcset=\"https:\/\/www.apsam.be\/wp-content\/uploads\/2018\/12\/affiche-Jeunes-solistes-2019-724x1024.jpg 724w, https:\/\/www.apsam.be\/wp-content\/uploads\/2018\/12\/affiche-Jeunes-solistes-2019-212x300.jpg 212w, https:\/\/www.apsam.be\/wp-content\/uploads\/2018\/12\/affiche-Jeunes-solistes-2019-768x1087.jpg 768w, https:\/\/www.apsam.be\/wp-content\/uploads\/2018\/12\/affiche-Jeunes-solistes-2019-1320x1867.jpg 1320w\" sizes=\"(max-width: 724px) 100vw, 724px\" \/><\/p>\n","protected":false},"excerpt":{"rendered":"<p>Depuis plusieurs ann\u00e9es votre f\u00e9d\u00e9ration organise les \u00e9liminatoires d\u2019un concours d\u2019instrumentistes \u00e0 vent ou de percussions dans le but de promouvoir ces instruments dans nos soci\u00e9t\u00e9s musicales. Vous trouverez les d\u00e9tails de ce concours national ci dessous ainsi que dans la rubrique \u00ab\u00a0Documents\u00a0\u00bb de notre site internet. Encouragez les musiciens motiv\u00e9s en les mettant en &#8230; <a title=\"Concours jeunes solistes 2019\" class=\"read-more\" href=\"https:\/\/www.apsam.be\/?p=415\" aria-label=\"En savoir plus sur Concours jeunes solistes 2019\">Lire la suite<\/a><\/p>\n","protected":false},"author":1,"featured_media":0,"comment_status":"closed","ping_status":"open","sticky":false,"template":"","format":"standard","meta":{"_exactmetrics_skip_tracking":false,"_exactmetrics_sitenote_active":false,"_exactmetrics_sitenote_note":"","_exactmetrics_sitenote_category":0},"categories":[1],"tags":[],"_links":{"self":[{"href":"https:\/\/www.apsam.be\/index.php?rest_route=\/wp\/v2\/posts\/415"}],"collection":[{"href":"https:\/\/www.apsam.be\/index.php?rest_route=\/wp\/v2\/posts"}],"about":[{"href":"https:\/\/www.apsam.be\/index.php?rest_route=\/wp\/v2\/types\/post"}],"author":[{"embeddable":true,"href":"https:\/\/www.apsam.be\/index.php?rest_route=\/wp\/v2\/users\/1"}],"replies":[{"embeddable":true,"href":"https:\/\/www.apsam.be\/index.php?rest_route=%2Fwp%2Fv2%2Fcomments&post=415"}],"version-history":[{"count":3,"href":"https:\/\/www.apsam.be\/index.php?rest_route=\/wp\/v2\/posts\/415\/revisions"}],"predecessor-version":[{"id":456,"href":"https:\/\/www.apsam.be\/index.php?rest_route=\/wp\/v2\/posts\/415\/revisions\/456"}],"wp:attachment":[{"href":"https:\/\/www.apsam.be\/index.php?rest_route=%2Fwp%2Fv2%2Fmedia&parent=415"}],"wp:term":[{"taxonomy":"category","embeddable":true,"href":"https:\/\/www.apsam.be\/index.php?rest_route=%2Fwp%2Fv2%2Fcategories&post=415"},{"taxonomy":"post_tag","embeddable":true,"href":"https:\/\/www.apsam.be\/index.php?rest_route=%2Fwp%2Fv2%2Ftags&post=415"}],"curies":[{"name":"wp","href":"https:\/\/api.w.org\/{rel}","templated":true}]}}