{"id":402,"date":"2018-11-15T11:39:30","date_gmt":"2018-11-15T10:39:30","guid":{"rendered":"http:\/\/www.apsam.be\/?p=402"},"modified":"2018-11-15T11:39:30","modified_gmt":"2018-11-15T10:39:30","slug":"resultats-concours-interfederal-2018","status":"publish","type":"post","link":"https:\/\/www.apsam.be\/?p=402","title":{"rendered":"R\u00e9sultats concours interf\u00e9d\u00e9ral 2018"},"content":{"rendered":"<p><span style=\"font-family: Verdana, Geneva; font-size: 10pt;\"><u>Encore des soci\u00e9t\u00e9s APSAM prim\u00e9es\u00a0!<\/u><\/span><\/p>\n<p><span style=\"font-family: Verdana, Geneva; font-size: 10pt;\">L\u2019Union des Soci\u00e9t\u00e9s musicales (USM), qui rassemble les f\u00e9d\u00e9rations musicales amateurs de Wallonie, a r\u00e9cemment organis\u00e9 un tout neuf concours d\u2019interpr\u00e9tation r\u00e9serv\u00e9 aux soci\u00e9t\u00e9s chorales et instrumentales. En avril 2018, 10 enregistrements sont parvenus aux jurys de cette heureuse initiative. En octobre, les d\u00e9cisions sont tomb\u00e9es et l\u2019APSAM se r\u00e9jouit de voir mises \u00e0 l\u2019honneur quelques-unes de ses soci\u00e9t\u00e9s, ce qui nous encourage dans notre recherche commune de la qualit\u00e9.<\/span><\/p>\n<p><span style=\"font-family: Verdana, Geneva; font-size: 10pt;\">En ce qui concerne les ensembles vocaux, <em>A Piacere <\/em>de Thimister monte sur la deuxi\u00e8me marche du podium derri\u00e8re <em>Les Bengalis <\/em>de Li\u00e8ge. Pour les ensembles instrumentaux, deux soci\u00e9t\u00e9s APSAM en t\u00eate\u00a0: <em>La Soci\u00e9t\u00e9 Royale d\u2019Harmonie de Moresnet<\/em> et la <em>Soci\u00e9t\u00e9 Royale L\u2019Harmonie de Gemmenich<\/em>, respectivement premi\u00e8re et deuxi\u00e8me.<\/span><\/p>\n<p><span style=\"font-family: Verdana, Geneva; font-size: 10pt;\">Retrouvez tous les r\u00e9sultats sur <a href=\"http:\/\/www.uniondessocietesmusicales.be\/usm\/resultats-concours-interfederal-2018.html\" target=\"_blank\" rel=\"noopener\">http:\/\/www.uniondessocietesmusicales.be\/usm\/resultats-concours-interfederal-2018.html<\/a><\/span><\/p>\n<p><span style=\"font-family: Verdana, Geneva; font-size: 10pt;\">Et encore toutes nos f\u00e9licitations \u00e0 tous les participants.<\/span><\/p>\n<p><span style=\"font-family: Verdana, Geneva; font-size: 12pt;\"><a href=\"http:\/\/blog-apsam.be\/wp-content\/uploads\/2018\/11\/coup-de-pouce-968x1024.jpg\"><img loading=\"lazy\" class=\"alignleft wp-image-1209 size-thumbnail colorbox-402\" src=\"http:\/\/blog-apsam.be\/wp-content\/uploads\/2018\/11\/coup-de-pouce-968x1024-150x150.jpg\" alt=\"\" width=\"150\" height=\"150\" \/><\/a><\/span><\/p>\n","protected":false},"excerpt":{"rendered":"<p>Encore des soci\u00e9t\u00e9s APSAM prim\u00e9es\u00a0! L\u2019Union des Soci\u00e9t\u00e9s musicales (USM), qui rassemble les f\u00e9d\u00e9rations musicales amateurs de Wallonie, a r\u00e9cemment organis\u00e9 un tout neuf concours d\u2019interpr\u00e9tation r\u00e9serv\u00e9 aux soci\u00e9t\u00e9s chorales et instrumentales. En avril 2018, 10 enregistrements sont parvenus aux jurys de cette heureuse initiative. En octobre, les d\u00e9cisions sont tomb\u00e9es et l\u2019APSAM se r\u00e9jouit &#8230; <a title=\"R\u00e9sultats concours interf\u00e9d\u00e9ral 2018\" class=\"read-more\" href=\"https:\/\/www.apsam.be\/?p=402\" aria-label=\"En savoir plus sur R\u00e9sultats concours interf\u00e9d\u00e9ral 2018\">Lire la suite<\/a><\/p>\n","protected":false},"author":2,"featured_media":0,"comment_status":"closed","ping_status":"open","sticky":false,"template":"","format":"standard","meta":{"_exactmetrics_skip_tracking":false,"_exactmetrics_sitenote_active":false,"_exactmetrics_sitenote_note":"","_exactmetrics_sitenote_category":0},"categories":[2],"tags":[],"_links":{"self":[{"href":"https:\/\/www.apsam.be\/index.php?rest_route=\/wp\/v2\/posts\/402"}],"collection":[{"href":"https:\/\/www.apsam.be\/index.php?rest_route=\/wp\/v2\/posts"}],"about":[{"href":"https:\/\/www.apsam.be\/index.php?rest_route=\/wp\/v2\/types\/post"}],"author":[{"embeddable":true,"href":"https:\/\/www.apsam.be\/index.php?rest_route=\/wp\/v2\/users\/2"}],"replies":[{"embeddable":true,"href":"https:\/\/www.apsam.be\/index.php?rest_route=%2Fwp%2Fv2%2Fcomments&post=402"}],"version-history":[{"count":1,"href":"https:\/\/www.apsam.be\/index.php?rest_route=\/wp\/v2\/posts\/402\/revisions"}],"predecessor-version":[{"id":403,"href":"https:\/\/www.apsam.be\/index.php?rest_route=\/wp\/v2\/posts\/402\/revisions\/403"}],"wp:attachment":[{"href":"https:\/\/www.apsam.be\/index.php?rest_route=%2Fwp%2Fv2%2Fmedia&parent=402"}],"wp:term":[{"taxonomy":"category","embeddable":true,"href":"https:\/\/www.apsam.be\/index.php?rest_route=%2Fwp%2Fv2%2Fcategories&post=402"},{"taxonomy":"post_tag","embeddable":true,"href":"https:\/\/www.apsam.be\/index.php?rest_route=%2Fwp%2Fv2%2Ftags&post=402"}],"curies":[{"name":"wp","href":"https:\/\/api.w.org\/{rel}","templated":true}]}}