{"id":395,"date":"2018-12-13T11:00:19","date_gmt":"2018-12-13T10:00:19","guid":{"rendered":"http:\/\/www.apsam.be\/?p=395"},"modified":"2018-12-13T11:23:46","modified_gmt":"2018-12-13T10:23:46","slug":"ateliers-beatbox-le-19-decembre-2018","status":"publish","type":"post","link":"https:\/\/www.apsam.be\/?p=395","title":{"rendered":"Ateliers Beatbox le 19 d\u00e9cembre 2018"},"content":{"rendered":"<p><span style=\"font-family: Verdana, Geneva; font-size: 10pt;\">L\u2019APSAM, l\u2019Acad\u00e9mie et le Centre culturel de Welkenraedt proposent une apr\u00e8s-midi d\u2019ateliers de<strong> beatbox<\/strong> \u00e0 tous les \u00e9l\u00e8ves de formation musicale, tous les percussionnistes, tous les musiciens ayant envie d\u2019apprendre une technique moderne un peu hors norme. Aucun pr\u00e9requis n\u2019est demand\u00e9, juste l\u2019envie de d\u00e9couvrir et d\u2019exp\u00e9rimenter\u2026<\/span><\/p>\n<p><span style=\"font-family: Verdana, Geneva; font-size: 10pt;\"><strong><u>Les ateliers seront donn\u00e9s par MB14 ou Big Ben<\/u><\/strong><\/span><\/p>\n<p><span style=\"font-family: Verdana, Geneva; font-size: 10pt;\"><em>Ag\u00e9 de 24 ans, MB14 est un homme-orchestre, qui pratique le \u00abbeatbox\u00bb depuis l\u2019\u00e2ge de 15 ans, oscillant entre les imitations d\u2019instruments, le rap, le chant diphonique ou encore les harmonies classiques. <\/em><\/span><\/p>\n<p><span style=\"font-family: Verdana, Geneva; font-size: 10pt;\"><em>Finaliste de la saison 5 de The Voice France, Champion de France de Beatbox par \u00e9quipe et Top 4 en solo, MB14 a su s\u2019imposer avec pour seules armes sa voix et sa \u00abloopstation\u00bb, machine permettant de superposer des sons, des rythmes et des couches de voix et de cr\u00e9er ainsi des morceaux entiers uniquement vocaux. <\/em><\/span><\/p>\n<p><span style=\"font-family: Verdana, Geneva; font-size: 10pt;\"><em>Pour BigBen, il n\u2019y aurait aucun son que le talent humain ne pourrait reproduire.\u00a0Le beatbox, ce sont des sons qu\u2019on dit en m\u00eame temps ou tr\u00e8s vite. C\u2019est comme une nouvelle langue.<br \/>\n<img loading=\"lazy\" class=\"aligncenter wp-image-396 size-full colorbox-395\" src=\"http:\/\/www.apsam.be\/wp-content\/uploads\/2018\/11\/Atelier-BeatBox-1.jpg\" alt=\"\" width=\"971\" height=\"353\" srcset=\"https:\/\/www.apsam.be\/wp-content\/uploads\/2018\/11\/Atelier-BeatBox-1.jpg 971w, https:\/\/www.apsam.be\/wp-content\/uploads\/2018\/11\/Atelier-BeatBox-1-300x109.jpg 300w, https:\/\/www.apsam.be\/wp-content\/uploads\/2018\/11\/Atelier-BeatBox-1-768x279.jpg 768w\" sizes=\"(max-width: 971px) 100vw, 971px\" \/><\/em><\/span><\/p>\n<p><span style=\"font-family: Verdana, Geneva; font-size: 10pt;\">Concr\u00e8tement, l\u2019apr\u00e8s-midi se d\u00e9roulera comme suit\u00a0:<\/span><\/p>\n<p><span style=\"font-family: Verdana, Geneva; font-size: 10pt;\">A partir de 15h30\u00a0: accueil au Centre culturel, rue Gr\u00e9try n\u00b010 \u00e0 Welkenraedt<\/span><\/p>\n<p><span style=\"font-family: Verdana, Geneva; font-size: 10pt;\">De 16h \u00e0 16h50\u00a0: atelier avec MB14 ou BigBen pour d\u00e9butants.<\/span><\/p>\n<p><span style=\"font-family: Verdana, Geneva; font-size: 10pt;\">De 17h \u00e0 17h50\u00a0: atelier avec MB14 ou BigBen.<\/span><\/p>\n<p><span style=\"font-family: Verdana, Geneva; font-size: 10pt;\">Collation offerte : 1 go\u00fbter et 1 soft.<\/span><br \/>\n<span style=\"font-family: Verdana, Geneva; font-size: 10pt;\"><strong>Concert \u00e0 19h<\/strong><\/span><\/p>\n<p><span style=\"color: #ff0000; font-family: Verdana, Geneva;\"><strong>Encore quelques places disponibles<\/strong><\/span><\/p>\n<p><span style=\"font-family: Verdana, Geneva; font-size: 10pt;\">La participation \u00e0 l\u2019atelier + concert est de 10 \u20ac\/\u00e9l\u00e8ve. Nombre de participants limit\u00e9. Inscription obligatoire<\/span><\/p>\n<p><span style=\"font-family: Verdana, Geneva; font-size: 10pt;\">L\u2019inscription est effective apr\u00e8s versement des 10 \u20ac au num\u00e9ro de compte <strong>BE84-0882 0413 3259 <\/strong>(en communication\u00a0: Beatbox + nom-pr\u00e9nom du participant).<\/span><br \/>\n<span style=\"font-family: Verdana, Geneva; font-size: 10pt;\">Les participants qui viennent \u00e9couter uniquement le concert payeront 8\u20ac en pr\u00e9vente \u00e0 l\u2019Acad\u00e9mie au 087\/898 011.<\/span><br \/>\n<span style=\"font-family: Verdana, Geneva; font-size: 10pt;\">En cas de participation \u00e0 cette activit\u00e9, merci de remplir le talon ci-joint et de l\u2019envoyer le plus rapidement possible par\u00a0mail \u00e0 l\u2019adresse <a href=\"mailto:acawelk@skynet.be\">acawelk@skynet.be<\/a>.<\/span><\/p>\n<p><span style=\"font-family: Verdana, Geneva; font-size: 10pt;\"><img loading=\"lazy\" class=\"alignright wp-image-397 size-medium colorbox-395\" src=\"http:\/\/www.apsam.be\/wp-content\/uploads\/2018\/11\/Atelier-BeatBox-3-300x79.jpg\" alt=\"\" width=\"300\" height=\"79\" srcset=\"https:\/\/www.apsam.be\/wp-content\/uploads\/2018\/11\/Atelier-BeatBox-3-300x79.jpg 300w, https:\/\/www.apsam.be\/wp-content\/uploads\/2018\/11\/Atelier-BeatBox-3.jpg 743w\" sizes=\"(max-width: 300px) 100vw, 300px\" \/><\/span><\/p>\n<p><span style=\"font-family: Verdana, Geneva; font-size: 10pt;\"><img loading=\"lazy\" class=\"aligncenter wp-image-398 size-full colorbox-395\" src=\"http:\/\/www.apsam.be\/wp-content\/uploads\/2018\/11\/Atelier-BeatBox-2.jpg\" alt=\"\" width=\"1045\" height=\"382\" srcset=\"https:\/\/www.apsam.be\/wp-content\/uploads\/2018\/11\/Atelier-BeatBox-2.jpg 1045w, https:\/\/www.apsam.be\/wp-content\/uploads\/2018\/11\/Atelier-BeatBox-2-300x110.jpg 300w, https:\/\/www.apsam.be\/wp-content\/uploads\/2018\/11\/Atelier-BeatBox-2-768x281.jpg 768w, https:\/\/www.apsam.be\/wp-content\/uploads\/2018\/11\/Atelier-BeatBox-2-1024x374.jpg 1024w\" sizes=\"(max-width: 1045px) 100vw, 1045px\" \/><\/span><\/p>\n","protected":false},"excerpt":{"rendered":"<p>L\u2019APSAM, l\u2019Acad\u00e9mie et le Centre culturel de Welkenraedt proposent une apr\u00e8s-midi d\u2019ateliers de beatbox \u00e0 tous les \u00e9l\u00e8ves de formation musicale, tous les percussionnistes, tous les musiciens ayant envie d\u2019apprendre une technique moderne un peu hors norme. Aucun pr\u00e9requis n\u2019est demand\u00e9, juste l\u2019envie de d\u00e9couvrir et d\u2019exp\u00e9rimenter\u2026 Les ateliers seront donn\u00e9s par MB14 ou Big &#8230; <a title=\"Ateliers Beatbox le 19 d\u00e9cembre 2018\" class=\"read-more\" href=\"https:\/\/www.apsam.be\/?p=395\" aria-label=\"En savoir plus sur Ateliers Beatbox le 19 d\u00e9cembre 2018\">Lire la suite<\/a><\/p>\n","protected":false},"author":2,"featured_media":0,"comment_status":"closed","ping_status":"open","sticky":false,"template":"","format":"standard","meta":{"_exactmetrics_skip_tracking":false,"_exactmetrics_sitenote_active":false,"_exactmetrics_sitenote_note":"","_exactmetrics_sitenote_category":0},"categories":[2],"tags":[],"_links":{"self":[{"href":"https:\/\/www.apsam.be\/index.php?rest_route=\/wp\/v2\/posts\/395"}],"collection":[{"href":"https:\/\/www.apsam.be\/index.php?rest_route=\/wp\/v2\/posts"}],"about":[{"href":"https:\/\/www.apsam.be\/index.php?rest_route=\/wp\/v2\/types\/post"}],"author":[{"embeddable":true,"href":"https:\/\/www.apsam.be\/index.php?rest_route=\/wp\/v2\/users\/2"}],"replies":[{"embeddable":true,"href":"https:\/\/www.apsam.be\/index.php?rest_route=%2Fwp%2Fv2%2Fcomments&post=395"}],"version-history":[{"count":4,"href":"https:\/\/www.apsam.be\/index.php?rest_route=\/wp\/v2\/posts\/395\/revisions"}],"predecessor-version":[{"id":413,"href":"https:\/\/www.apsam.be\/index.php?rest_route=\/wp\/v2\/posts\/395\/revisions\/413"}],"wp:attachment":[{"href":"https:\/\/www.apsam.be\/index.php?rest_route=%2Fwp%2Fv2%2Fmedia&parent=395"}],"wp:term":[{"taxonomy":"category","embeddable":true,"href":"https:\/\/www.apsam.be\/index.php?rest_route=%2Fwp%2Fv2%2Fcategories&post=395"},{"taxonomy":"post_tag","embeddable":true,"href":"https:\/\/www.apsam.be\/index.php?rest_route=%2Fwp%2Fv2%2Ftags&post=395"}],"curies":[{"name":"wp","href":"https:\/\/api.w.org\/{rel}","templated":true}]}}