{"id":1585,"date":"2024-07-01T12:51:33","date_gmt":"2024-07-01T10:51:33","guid":{"rendered":"https:\/\/www.apsam.be\/?p=1585"},"modified":"2024-07-01T12:51:33","modified_gmt":"2024-07-01T10:51:33","slug":"stage-dorchestre-dharmonie-pour-jeunes-2024","status":"publish","type":"post","link":"https:\/\/www.apsam.be\/?p=1585","title":{"rendered":"Stage d\u2019orchestre d\u2019harmonie pour jeunes 2024"},"content":{"rendered":"<p><strong>Quatri\u00e8me \u00e9dition du stage d\u2019orchestre d\u2019harmonie pour jeunes musiciens.<\/strong><\/p>\n<p>Sur base du succ\u00e8s des derni\u00e8res ann\u00e9es, l\u2019APSAM rassemble du 21 au 25 octobre six jeunes professionnels dans le magnifique cadre du ch\u00e2teau de W\u00e9gimont : Fanny Sarlette, Catherine Delbovier, Pauline Serafini, Benjamin Obyn, Thomas Corman et R\u00e9mi Lafosse encadreront\u00a0 ce stage en r\u00e9sidentiel qui se cl\u00f4turera par un concert le vendredi en toute fin d\u2019apr\u00e8s-midi.<\/p>\n<p>Jointes \u00e0 cette annonce, vous trouverez les modalit\u00e9s de participation.<\/p>\n<p>Attention, le nombre de places est limit\u00e9\u00a0!<\/p>\n<p><img loading=\"lazy\" class=\"alignnone size-full wp-image-1586 colorbox-1585\" src=\"https:\/\/www.apsam.be\/wp-content\/uploads\/2024\/07\/affiche-stage-APSAM-2024.jpeg\" alt=\"\" width=\"453\" height=\"640\" srcset=\"https:\/\/www.apsam.be\/wp-content\/uploads\/2024\/07\/affiche-stage-APSAM-2024.jpeg 453w, https:\/\/www.apsam.be\/wp-content\/uploads\/2024\/07\/affiche-stage-APSAM-2024-212x300.jpeg 212w\" sizes=\"(max-width: 453px) 100vw, 453px\" \/><\/p>\n<p><a href=\"https:\/\/www.apsam.be\/wp-content\/uploads\/2024\/07\/Conditions-de-participation-2024.docx\">Conditions de participation 2024-WORD<\/a><\/p>\n<p><a href=\"https:\/\/www.apsam.be\/wp-content\/uploads\/2024\/07\/Conditions-de-participation-2024.pdf\">Conditions de participation 2024-PDF<\/a><\/p>\n<p>&nbsp;<\/p>\n<p>&nbsp;<\/p>\n<p>&nbsp;<\/p>\n<p>&nbsp;<\/p>\n","protected":false},"excerpt":{"rendered":"<p>Quatri\u00e8me \u00e9dition du stage d\u2019orchestre d\u2019harmonie pour jeunes musiciens. Sur base du succ\u00e8s des derni\u00e8res ann\u00e9es, l\u2019APSAM rassemble du 21 au 25 octobre six jeunes professionnels dans le magnifique cadre du ch\u00e2teau de W\u00e9gimont : Fanny Sarlette, Catherine Delbovier, Pauline Serafini, Benjamin Obyn, Thomas Corman et R\u00e9mi Lafosse encadreront\u00a0 ce stage en r\u00e9sidentiel qui se &#8230; <a title=\"Stage d\u2019orchestre d\u2019harmonie pour jeunes 2024\" class=\"read-more\" href=\"https:\/\/www.apsam.be\/?p=1585\" aria-label=\"En savoir plus sur Stage d\u2019orchestre d\u2019harmonie pour jeunes 2024\">Lire la suite<\/a><\/p>\n","protected":false},"author":1,"featured_media":0,"comment_status":"closed","ping_status":"open","sticky":false,"template":"","format":"standard","meta":{"_exactmetrics_skip_tracking":false,"_exactmetrics_sitenote_active":false,"_exactmetrics_sitenote_note":"","_exactmetrics_sitenote_category":0},"categories":[2],"tags":[],"_links":{"self":[{"href":"https:\/\/www.apsam.be\/index.php?rest_route=\/wp\/v2\/posts\/1585"}],"collection":[{"href":"https:\/\/www.apsam.be\/index.php?rest_route=\/wp\/v2\/posts"}],"about":[{"href":"https:\/\/www.apsam.be\/index.php?rest_route=\/wp\/v2\/types\/post"}],"author":[{"embeddable":true,"href":"https:\/\/www.apsam.be\/index.php?rest_route=\/wp\/v2\/users\/1"}],"replies":[{"embeddable":true,"href":"https:\/\/www.apsam.be\/index.php?rest_route=%2Fwp%2Fv2%2Fcomments&post=1585"}],"version-history":[{"count":1,"href":"https:\/\/www.apsam.be\/index.php?rest_route=\/wp\/v2\/posts\/1585\/revisions"}],"predecessor-version":[{"id":1589,"href":"https:\/\/www.apsam.be\/index.php?rest_route=\/wp\/v2\/posts\/1585\/revisions\/1589"}],"wp:attachment":[{"href":"https:\/\/www.apsam.be\/index.php?rest_route=%2Fwp%2Fv2%2Fmedia&parent=1585"}],"wp:term":[{"taxonomy":"category","embeddable":true,"href":"https:\/\/www.apsam.be\/index.php?rest_route=%2Fwp%2Fv2%2Fcategories&post=1585"},{"taxonomy":"post_tag","embeddable":true,"href":"https:\/\/www.apsam.be\/index.php?rest_route=%2Fwp%2Fv2%2Ftags&post=1585"}],"curies":[{"name":"wp","href":"https:\/\/api.w.org\/{rel}","templated":true}]}}