{"id":1551,"date":"2023-09-16T08:55:00","date_gmt":"2023-09-16T06:55:00","guid":{"rendered":"https:\/\/www.apsam.be\/?p=1551"},"modified":"2023-09-16T08:55:00","modified_gmt":"2023-09-16T06:55:00","slug":"apres-midi-chantant-du-24-septembre-reserve-aux-voix-de-femmes","status":"publish","type":"post","link":"https:\/\/www.apsam.be\/?p=1551","title":{"rendered":"Apr\u00e8s-midi chantant du 24 septembre r\u00e9serv\u00e9 aux voix de femmes !"},"content":{"rendered":"<p>Apr\u00e8s-midi chantant du 24 septembre r\u00e9serv\u00e9 aux voix de femmes !<\/p>\n<p>Vous aimez chanter et vous avez envie de partager un moment de musique avec d\u2019autres, anim\u00e9es par la m\u00eame passion que vous ?<\/p>\n<p>Participez au prochain Apr\u00e8s-midi chantant de la f\u00e9d\u00e9ration musicale APSAM et du Centre culturel de Welkenraedt !<\/p>\n<p>Que vous soyez chanteuse en herbe, chanteuse sous la douche ou choriste chevronn\u00e9e, et m\u00eame instrumentiste \u2026 ;0)\u2026, cet atelier \u00ab sp\u00e9cial voix de femmes \u00bb est organis\u00e9 pour vous.<\/p>\n<p>Il sera anim\u00e9 par Mathieu MICHEL avec le soutien vocal du ch\u0153ur AQUAR\u2019ELLES.<\/p>\n<p>L\u2019objectif ?<\/p>\n<p>R\u00e9unir dans la joie et la bonne humeur celles qui ont envie de chanter pour le plaisir. Chanter, \u00e7a fait du bien !<\/p>\n<p>Nous vous attendons nombreuses le dimanche 24 septembre, de 14h00 \u00e0 16h00, au Centre culturel de Welkenraedt.<\/p>\n<p>L\u2019apr\u00e8s-midi se poursuivra par un moment agr\u00e9able et convivial.<\/p>\n<p>N\u2019h\u00e9sitez pas \u00e0 en parler autour de vous et \u00e0 vous inscrire !<\/p>\n<p>Participation aux frais : 5 \u20ac<\/p>\n<p>Infos et r\u00e9servation indispensable : 0478\/33 19 31 ou via le lien suivant :<\/p>\n<blockquote class=\"wp-embedded-content\" data-secret=\"DF82PmWLJ5\"><p><a href=\"https:\/\/www.ccwelkenraedt.be\/event\/apres-midi-chantant\/\">Apr\u00e8s-midi chantant<\/a><\/p><\/blockquote>\n<p><iframe class=\"wp-embedded-content\" sandbox=\"allow-scripts\" security=\"restricted\" style=\"position: absolute; clip: rect(1px, 1px, 1px, 1px);\" title=\"\u00ab\u00a0Apr\u00e8s-midi chantant\u00a0\u00bb &#8212; Centre Culturel de Welkenraedt\" src=\"https:\/\/www.ccwelkenraedt.be\/event\/apres-midi-chantant\/embed\/#?secret=HJyvHUy8Zb#?secret=DF82PmWLJ5\" data-secret=\"DF82PmWLJ5\" width=\"600\" height=\"338\" frameborder=\"0\" marginwidth=\"0\" marginheight=\"0\" scrolling=\"no\"><\/iframe><\/p>\n<p><img loading=\"lazy\" class=\"alignnone size-full wp-image-1552 colorbox-1551\" src=\"https:\/\/www.apsam.be\/wp-content\/uploads\/2023\/09\/Screenshot_20230916_071215_Microsoft-365-Office.jpg\" alt=\"\" width=\"1080\" height=\"1530\" srcset=\"https:\/\/www.apsam.be\/wp-content\/uploads\/2023\/09\/Screenshot_20230916_071215_Microsoft-365-Office.jpg 1080w, https:\/\/www.apsam.be\/wp-content\/uploads\/2023\/09\/Screenshot_20230916_071215_Microsoft-365-Office-212x300.jpg 212w, https:\/\/www.apsam.be\/wp-content\/uploads\/2023\/09\/Screenshot_20230916_071215_Microsoft-365-Office-723x1024.jpg 723w, https:\/\/www.apsam.be\/wp-content\/uploads\/2023\/09\/Screenshot_20230916_071215_Microsoft-365-Office-768x1088.jpg 768w\" sizes=\"(max-width: 1080px) 100vw, 1080px\" \/><\/p>\n<p>&nbsp;<\/p>\n<p>&nbsp;<\/p>\n<p>&nbsp;<\/p>\n<p>&nbsp;<\/p>\n","protected":false},"excerpt":{"rendered":"<p>Apr\u00e8s-midi chantant du 24 septembre r\u00e9serv\u00e9 aux voix de femmes ! Vous aimez chanter et vous avez envie de partager un moment de musique avec d\u2019autres, anim\u00e9es par la m\u00eame passion que vous ? Participez au prochain Apr\u00e8s-midi chantant de la f\u00e9d\u00e9ration musicale APSAM et du Centre culturel de Welkenraedt ! Que vous soyez chanteuse &#8230; <a title=\"Apr\u00e8s-midi chantant du 24 septembre r\u00e9serv\u00e9 aux voix de femmes !\" class=\"read-more\" href=\"https:\/\/www.apsam.be\/?p=1551\" aria-label=\"En savoir plus sur Apr\u00e8s-midi chantant du 24 septembre r\u00e9serv\u00e9 aux voix de femmes !\">Lire la suite<\/a><\/p>\n","protected":false},"author":1,"featured_media":0,"comment_status":"closed","ping_status":"open","sticky":false,"template":"","format":"standard","meta":{"_exactmetrics_skip_tracking":false,"_exactmetrics_sitenote_active":false,"_exactmetrics_sitenote_note":"","_exactmetrics_sitenote_category":0},"categories":[2],"tags":[],"_links":{"self":[{"href":"https:\/\/www.apsam.be\/index.php?rest_route=\/wp\/v2\/posts\/1551"}],"collection":[{"href":"https:\/\/www.apsam.be\/index.php?rest_route=\/wp\/v2\/posts"}],"about":[{"href":"https:\/\/www.apsam.be\/index.php?rest_route=\/wp\/v2\/types\/post"}],"author":[{"embeddable":true,"href":"https:\/\/www.apsam.be\/index.php?rest_route=\/wp\/v2\/users\/1"}],"replies":[{"embeddable":true,"href":"https:\/\/www.apsam.be\/index.php?rest_route=%2Fwp%2Fv2%2Fcomments&post=1551"}],"version-history":[{"count":1,"href":"https:\/\/www.apsam.be\/index.php?rest_route=\/wp\/v2\/posts\/1551\/revisions"}],"predecessor-version":[{"id":1553,"href":"https:\/\/www.apsam.be\/index.php?rest_route=\/wp\/v2\/posts\/1551\/revisions\/1553"}],"wp:attachment":[{"href":"https:\/\/www.apsam.be\/index.php?rest_route=%2Fwp%2Fv2%2Fmedia&parent=1551"}],"wp:term":[{"taxonomy":"category","embeddable":true,"href":"https:\/\/www.apsam.be\/index.php?rest_route=%2Fwp%2Fv2%2Fcategories&post=1551"},{"taxonomy":"post_tag","embeddable":true,"href":"https:\/\/www.apsam.be\/index.php?rest_route=%2Fwp%2Fv2%2Ftags&post=1551"}],"curies":[{"name":"wp","href":"https:\/\/api.w.org\/{rel}","templated":true}]}}