{"id":1012,"date":"2022-12-09T18:11:55","date_gmt":"2022-12-09T17:11:55","guid":{"rendered":"https:\/\/www.apsam.be\/?p=1012"},"modified":"2022-12-09T18:17:27","modified_gmt":"2022-12-09T17:17:27","slug":"apres-midi-chantant-du-11-decembre-2022","status":"publish","type":"post","link":"https:\/\/www.apsam.be\/?p=1012","title":{"rendered":"Apr\u00e8s-midi chantant du 11 d\u00e9cembre 2022"},"content":{"rendered":"<p style=\"text-align: center;\"><span style=\"font-size: 18pt;\"><strong>Apr\u00e8s-midi chantant<\/strong><\/span><\/p>\n<p>Vous aimez chanter!<\/p>\n<p>Vous avez envie de partager un moment de musique et rencontrer des chanteurs qui partagent la m\u00eame passion que vous!<\/p>\n<p>Participez \u00e0 l\u2019apr\u00e8s-midi chantant de la f\u00e9d\u00e9ration musicale APSAM et du Centre culturel de Welkenraedt !<\/p>\n<p>L\u2019objectif ?<\/p>\n<p>R\u00e9unir les amateurs de chant choral, sans obligation d\u2019adh\u00e9sion ou d\u2019assiduit\u00e9, afin de chanter pour le plaisir dans la joie et la bonne humeur! Lors de cette s\u00e9ance plac\u00e9e sous la direction d\u2019un chef de ch\u0153ur, plusieurs chants \u00e0 3 ou 4 voix seront interpr\u00e9t\u00e9s parmi un programme tr\u00e8s vari\u00e9.<\/p>\n<p>Que vous soyez chanteurs en herbe, chanteurs de salon ou d\u2019op\u00e9ra, chanteur sous la douche, m\u00e9lomanes, \u2026 d\u00e9sireux de chanter en ch\u0153ur ou passionn\u00e9s par le chant polyphonique, cet atelier est organis\u00e9 pour vous, alors n\u2019h\u00e9sitez pas \u00e0 vous inscrire.<\/p>\n<p>Nous vous attendons nombreux !<\/p>\n<p>Inscription souhait\u00e9e.<\/p>\n<ul>\n<li>PRIX : Placement Libre | Tarif Normal : 5\u20ac<\/li>\n<\/ul>\n<p>ORGANISATION : CCW \u2013 Salle Pierre RAPSAT<br \/>\nINFO &amp; RESERVATIONS : 0478\/33 19 31<\/p>\n<p>Fichiers pour r\u00e9p\u00e9ter :<\/p>\n<p><strong>Douce nuit :<\/strong><\/p>\n<p>Partition :\u00a0<a href=\"https:\/\/www.apsam.be\/wp-content\/uploads\/2022\/12\/Douce-nuit-Score.pdf\">Douce nuit &#8211; Score<\/a><\/p>\n<p><a href=\"https:\/\/www.apsam.be\/wp-content\/uploads\/2022\/12\/Douce-nuit-4-voix.mp3\">Douce nuit 4 voix<\/a><\/p>\n<p><a href=\"https:\/\/www.apsam.be\/wp-content\/uploads\/2022\/12\/Douce-nuit-soprano.mp3\">Douce nuit soprano<\/a><\/p>\n<p><a href=\"https:\/\/www.apsam.be\/wp-content\/uploads\/2022\/12\/Douce-nuit-alto.mp3\">Douce nuit alto<\/a><\/p>\n<p><a href=\"https:\/\/www.apsam.be\/wp-content\/uploads\/2022\/12\/Douce-nuit-tenor.mp3\">Douce nuit tenor<\/a><\/p>\n<p><a href=\"https:\/\/www.apsam.be\/wp-content\/uploads\/2022\/12\/Douce-nuit-basse.mp3\">Douce nuit basse<\/a><\/p>\n<p><strong>Les anges dans nos campagnes<\/strong><\/p>\n<p>Partition :\u00a0<a href=\"https:\/\/www.apsam.be\/wp-content\/uploads\/2022\/12\/Les-anges-dans-nos-campagnes-Score.pdf\">Les anges dans nos campagnes &#8211; Score<\/a><\/p>\n<p><a href=\"https:\/\/www.apsam.be\/wp-content\/uploads\/2022\/12\/Les-anges-dans-nos-campagnes-4-voix.mp3\">Les anges dans nos campagnes 4 voix<\/a><\/p>\n<p><a href=\"https:\/\/www.apsam.be\/wp-content\/uploads\/2022\/12\/Les-anges-dans-nos-campagnes-soprano.mp3\">Les anges dans nos campagnes soprano<\/a><\/p>\n<p><a href=\"https:\/\/www.apsam.be\/wp-content\/uploads\/2022\/12\/Les-anges-dans-nos-campagnes-alto.mp3\">Les anges dans nos campagnes alto<\/a><\/p>\n<p><a href=\"https:\/\/www.apsam.be\/wp-content\/uploads\/2022\/12\/Les-anges-dans-nos-campagnes-tenor.mp3\">Les anges dans nos campagnes tenor<\/a><\/p>\n<p><a href=\"https:\/\/www.apsam.be\/wp-content\/uploads\/2022\/12\/Les-anges-dans-nos-campagnes-basse.mp3\">Les anges dans nos campagnes basse<\/a><\/p>\n<p><strong>Entre le boeuf et l&rsquo;ane gris :\u00a0<\/strong><\/p>\n<p>Partition :\u00a0<a href=\"https:\/\/www.apsam.be\/wp-content\/uploads\/2022\/12\/Entre-le-boeuf-et-la\u0302ne.pdf\">Entre le boeuf et l&rsquo;a\u0302ne<\/a><\/p>\n<p><a href=\"https:\/\/www.apsam.be\/wp-content\/uploads\/2022\/12\/Entre-le-boeuf-et-la\u0302ne-4-voix.mp3\">Entre le boeuf et l&rsquo;a\u0302ne 4 voix<\/a><\/p>\n<p><a href=\"https:\/\/www.apsam.be\/wp-content\/uploads\/2022\/12\/Entre-le-boeuf-et-la\u0302ne-soprano.mp3\">Entre le boeuf et l&rsquo;a\u0302ne soprano<\/a><\/p>\n<p><a href=\"https:\/\/www.apsam.be\/wp-content\/uploads\/2022\/12\/Entre-le-boeuf-et-la\u0302ne-alto.mp3\">Entre le boeuf et l&rsquo;a\u0302ne alto<\/a><\/p>\n<p><a href=\"https:\/\/www.apsam.be\/wp-content\/uploads\/2022\/12\/Entre-le-boeuf-et-la\u0302ne-tenor.mp3\">Entre le boeuf et l&rsquo;a\u0302ne tenor<\/a><\/p>\n<p><a href=\"https:\/\/www.apsam.be\/wp-content\/uploads\/2022\/12\/Entre-le-boeuf-et-la\u0302ne-basse.mp3\">Entre le boeuf et l&rsquo;a\u0302ne basse<\/a><\/p>\n<p><strong>No\u00ebl blanc :\u00a0<\/strong><\/p>\n<p>Partition :\u00a0<a href=\"https:\/\/www.apsam.be\/wp-content\/uploads\/2022\/12\/Noe\u0308l-blanc.pdf\">Noe\u0308l blanc<\/a><\/p>\n<p><a href=\"https:\/\/www.apsam.be\/wp-content\/uploads\/2022\/12\/Noe\u0308l-blanc-soprano.mp3\">Noe\u0308l blanc soprano<\/a><\/p>\n<p><a href=\"https:\/\/www.apsam.be\/wp-content\/uploads\/2022\/12\/Noe\u0308l-blanc-alto.mp3\">Noe\u0308l blanc alto<\/a><\/p>\n<p><a href=\"https:\/\/www.apsam.be\/wp-content\/uploads\/2022\/12\/Noe\u0308l-blanc-tenor.mp3\">Noe\u0308l blanc tenor<\/a><\/p>\n<p><a href=\"https:\/\/www.apsam.be\/wp-content\/uploads\/2022\/12\/Noe\u0308l-blanc-basse.mp3\">Noe\u0308l blanc basse<\/a><\/p>\n<p><strong>We Wish you a merry christmas :<\/strong><\/p>\n<p>Partition :\u00a0<a href=\"https:\/\/www.apsam.be\/wp-content\/uploads\/2022\/12\/We_wish_you.pdf\">We_wish_you<\/a><\/p>\n<p><a href=\"https:\/\/www.apsam.be\/wp-content\/uploads\/2022\/12\/We-wish-you-a-merry-christmas-4-voix.mp3\">We wish you a merry christmas 4 voix<\/a><\/p>\n<p><a href=\"https:\/\/www.apsam.be\/wp-content\/uploads\/2022\/12\/We-wish-you-a-merry-christmas-Soprano.mp3\">We wish you a merry christmas Soprano<\/a><\/p>\n<p><a href=\"https:\/\/www.apsam.be\/wp-content\/uploads\/2022\/12\/We-wish-you-a-merry-christmas-Alto.mp3\">We wish you a merry christmas Alto<\/a><\/p>\n<p><a href=\"https:\/\/www.apsam.be\/wp-content\/uploads\/2022\/12\/We-wish-you-a-merry-christmas-Tenor.mp3\">We wish you a merry christmas Tenor<\/a><\/p>\n<p><a href=\"https:\/\/www.apsam.be\/wp-content\/uploads\/2022\/12\/We-wish-you-a-merry-christmas-Basse.mp3\">We wish you a merry christmas Basse<\/a><\/p>\n<p>&nbsp;<\/p>\n<p><img loading=\"lazy\" class=\"alignnone wp-image-1013 size-full colorbox-1012\" src=\"https:\/\/www.apsam.be\/wp-content\/uploads\/2022\/12\/AFFICHE_PM-chantant_de\u0301cembre-22-page-001-724x1024-1.jpg\" alt=\"\" width=\"724\" height=\"1024\" srcset=\"https:\/\/www.apsam.be\/wp-content\/uploads\/2022\/12\/AFFICHE_PM-chantant_de\u0301cembre-22-page-001-724x1024-1.jpg 724w, https:\/\/www.apsam.be\/wp-content\/uploads\/2022\/12\/AFFICHE_PM-chantant_de\u0301cembre-22-page-001-724x1024-1-212x300.jpg 212w\" sizes=\"(max-width: 724px) 100vw, 724px\" \/><\/p>\n","protected":false},"excerpt":{"rendered":"<p>Apr\u00e8s-midi chantant Vous aimez chanter! Vous avez envie de partager un moment de musique et rencontrer des chanteurs qui partagent la m\u00eame passion que vous! Participez \u00e0 l\u2019apr\u00e8s-midi chantant de la f\u00e9d\u00e9ration musicale APSAM et du Centre culturel de Welkenraedt ! L\u2019objectif ? R\u00e9unir les amateurs de chant choral, sans obligation d\u2019adh\u00e9sion ou d\u2019assiduit\u00e9, afin &#8230; <a title=\"Apr\u00e8s-midi chantant du 11 d\u00e9cembre 2022\" class=\"read-more\" href=\"https:\/\/www.apsam.be\/?p=1012\" aria-label=\"En savoir plus sur Apr\u00e8s-midi chantant du 11 d\u00e9cembre 2022\">Lire la suite<\/a><\/p>\n","protected":false},"author":1,"featured_media":0,"comment_status":"closed","ping_status":"open","sticky":false,"template":"","format":"standard","meta":{"_exactmetrics_skip_tracking":false,"_exactmetrics_sitenote_active":false,"_exactmetrics_sitenote_note":"","_exactmetrics_sitenote_category":0},"categories":[2],"tags":[],"_links":{"self":[{"href":"https:\/\/www.apsam.be\/index.php?rest_route=\/wp\/v2\/posts\/1012"}],"collection":[{"href":"https:\/\/www.apsam.be\/index.php?rest_route=\/wp\/v2\/posts"}],"about":[{"href":"https:\/\/www.apsam.be\/index.php?rest_route=\/wp\/v2\/types\/post"}],"author":[{"embeddable":true,"href":"https:\/\/www.apsam.be\/index.php?rest_route=\/wp\/v2\/users\/1"}],"replies":[{"embeddable":true,"href":"https:\/\/www.apsam.be\/index.php?rest_route=%2Fwp%2Fv2%2Fcomments&post=1012"}],"version-history":[{"count":3,"href":"https:\/\/www.apsam.be\/index.php?rest_route=\/wp\/v2\/posts\/1012\/revisions"}],"predecessor-version":[{"id":1046,"href":"https:\/\/www.apsam.be\/index.php?rest_route=\/wp\/v2\/posts\/1012\/revisions\/1046"}],"wp:attachment":[{"href":"https:\/\/www.apsam.be\/index.php?rest_route=%2Fwp%2Fv2%2Fmedia&parent=1012"}],"wp:term":[{"taxonomy":"category","embeddable":true,"href":"https:\/\/www.apsam.be\/index.php?rest_route=%2Fwp%2Fv2%2Fcategories&post=1012"},{"taxonomy":"post_tag","embeddable":true,"href":"https:\/\/www.apsam.be\/index.php?rest_route=%2Fwp%2Fv2%2Ftags&post=1012"}],"curies":[{"name":"wp","href":"https:\/\/api.w.org\/{rel}","templated":true}]}}